{"id":165,"date":"2020-08-10T17:43:30","date_gmt":"2020-08-10T15:43:30","guid":{"rendered":"http:\/\/biodanza-jura.info\/?p=165"},"modified":"2026-01-08T14:20:43","modified_gmt":"2026-01-08T13:20:43","slug":"retrouvez-le-bonheur-de-danser","status":"publish","type":"post","link":"http:\/\/biodanza-jura.info\/index.php\/2020\/08\/10\/retrouvez-le-bonheur-de-danser\/","title":{"rendered":"COURS HEBDO CLAIRVAUX les LACS                     le JEUDI Apr\u00e8s-midi                RETROUVEZ LE BONHEUR DE DANSER"},"content":{"rendered":"\n<p class=\"has-medium-font-size\"><strong>Venez d\u00e9couvrir ou retrouver le plaisir de bouger, <\/strong><\/p>\n\n\n\n<p class=\"has-medium-font-size\"><strong>tous les jeudis de 14h \u00e0 15h45<\/strong><\/p>\n\n\n\n<p>Lieu :<strong>  salle Gen\u00e9vrier MAISON DES ASSOCIATIONS  2 impasse du tunnel <\/strong> \u00e0 cot\u00e9 du cabinet m\u00e9dical, rue en direction du lac depuis le centre ville, parking \u00e0 proximit\u00e9.<\/p>\n\n\n\n<p class=\"has-large-font-size\">  S\u00e9ance de reprise le <\/p>\n\n\n\n<p class=\"has-large-font-size\"><strong>jeudi 18 SEPTEMBRE 2025 <\/strong><\/p>\n\n\n\n<p>ACCESSIBLE A CHACUN et A CHACUNE, quelque soit  votre condition  physique<\/p>\n\n\n\n<p><strong>Litt\u00e9ralement \u201cDanse de la Vie\u201d, la Biodanza est un syst\u00e8me d\u2019\u00e9panouissement des potentiels humains.<br>Elle invite chacun \u00e0 vivre, \u00e0 travers l\u2019\u00e9motion et le plaisir du mouvement, la rencontre avec soi-m\u00eame, avec l\u2019autre et avec le groupe.<\/strong><\/p>\n\n\n\n<p><em>Chacun de nous est unique. Si nous n\u2019osons pas exprimer cette \u00ab part \u00bb unique que nous sommes seuls<\/em><em> <\/em><em>\u00e0 poss\u00e9der, qui va le faire pour nous?<\/em><\/p>\n\n\n\n<p><em>&nbsp; &nbsp;<\/em><em>Avoir confiance en soi, c\u2019est reconna\u00eetre notre valeur tr\u00e8s particuli\u00e8re et contribuer au d\u00e9veloppement de la vie par la richesse de notre diversit\u00e9.<\/em><\/p>\n\n\n\n<p><em>En \u00e9veillant notre confiance en nous,&nbsp;<\/em><\/p>\n\n\n\n<p><em>nous allons nous mettre \u00e0 l\u2019\u00e9coute&nbsp;de nos propres d\u00e9sirs et besoins et nous ouvrir au plaisir de vivre, au l\u00e2cher-prise, \u00e0 l\u2019abondance\u2026<\/em><em>&nbsp;<\/em><\/p>\n\n\n\n<p><em>Les pr\u00e9-requis ne n\u00e9cessitent aucune condition physique , signaler cependant d&rsquo;\u00e9ventuelles limitations : proth\u00e8ses, troubles de l&rsquo;\u00e9quilibre, troubles de l&rsquo;humeur, maladies invalidantes,&#8230;). Une adaptation de certaines propositions sera envisag\u00e9e avec vous.<\/em><\/p>\n\n\n\n<figure class=\"wp-block-image size-large\"><img loading=\"lazy\" decoding=\"async\" width=\"1024\" height=\"753\" src=\"http:\/\/biodanza-jura.info\/wp-content\/uploads\/2021\/09\/mary-pickford-1963149_1920-1024x753.jpg\" alt=\"\" class=\"wp-image-251\" srcset=\"http:\/\/biodanza-jura.info\/wp-content\/uploads\/2021\/09\/mary-pickford-1963149_1920-1024x753.jpg 1024w, http:\/\/biodanza-jura.info\/wp-content\/uploads\/2021\/09\/mary-pickford-1963149_1920-300x220.jpg 300w, http:\/\/biodanza-jura.info\/wp-content\/uploads\/2021\/09\/mary-pickford-1963149_1920-768x564.jpg 768w, http:\/\/biodanza-jura.info\/wp-content\/uploads\/2021\/09\/mary-pickford-1963149_1920-1536x1129.jpg 1536w, http:\/\/biodanza-jura.info\/wp-content\/uploads\/2021\/09\/mary-pickford-1963149_1920.jpg 1920w\" sizes=\"auto, (max-width: 1024px) 100vw, 1024px\" \/><\/figure>\n\n\n\n<p class=\"has-text-align-center\"><strong>TARIFS<\/strong><\/p>\n\n\n\n<p>Pour accompagner un processus int\u00e9gr\u00e9 et durable, un engagement \u00e0 l\u2019ann\u00e9e est demand\u00e9<\/p>\n\n\n\n<p>du 18 sept 25 au 25 juin 26 (pause pendant les vacances scolaires)<\/p>\n\n\n\n<p class=\"has-medium-font-size\"><strong>tarifs :  <\/strong> 285\u20ac pour l&rsquo;ann\u00e9e ou forfait 7 s\u00e9ances \u00e0 87\u20ac \u00e0 renouveler<\/p>\n\n\n\n<p>Facilit\u00e9s de paiement 3 x 95\u20ac ou 5x 57\u20ac ( ch\u00e8que ou esp\u00e8ces ou virement)<\/p>\n\n\n\n<p><strong><strong>s\u00e9ance d\u00e9couverte<\/strong>&nbsp;: 10\u20ac <\/strong>(d\u00e9duite si engagement \u00e0 l&rsquo;ann\u00e9e)<\/p>\n\n\n\n<p><em>Adh\u00e9sion  obligatoire (frais assurance, pub) \u00e0 l&rsquo;Association  \u00c9NERGIE et BIEN-\u00caTRE<strong> 20\u20ac <\/strong>pour l&rsquo;ann\u00e9e<\/em> et une fois pour toutes les activit\u00e9s propos\u00e9es<\/p>\n\n\n\n<p><strong> <strong>REMBOURSEMENT<\/strong> en cas de  maladie avec certificat m\u00e9dical<\/strong><\/p>\n\n\n\n<p><strong>CONTACT et <\/strong><strong>RENSEIGNEMENTS<\/strong><strong><\/strong><\/p>\n\n\n\n<p><strong>06 84 22 69 40 ou florence_chancenot@orange.fr<\/strong><\/p>\n\n\n\n<figure class=\"wp-block-image size-large\"><img loading=\"lazy\" decoding=\"async\" width=\"841\" height=\"959\" src=\"http:\/\/biodanza-jura.info\/wp-content\/uploads\/2021\/09\/Florence-107.jpg\" alt=\"\" class=\"wp-image-234\" srcset=\"http:\/\/biodanza-jura.info\/wp-content\/uploads\/2021\/09\/Florence-107.jpg 841w, http:\/\/biodanza-jura.info\/wp-content\/uploads\/2021\/09\/Florence-107-263x300.jpg 263w, http:\/\/biodanza-jura.info\/wp-content\/uploads\/2021\/09\/Florence-107-768x876.jpg 768w\" sizes=\"auto, (max-width: 841px) 100vw, 841px\" \/><\/figure>\n\n\n\n<p>Po\u00e9sie de <strong>Rolando TORO<\/strong> ( Cr\u00e9ateur de la Biodanza  1924- 2010)<\/p>\n\n\n\n<p class=\"has-vivid-cyan-blue-color has-text-color\">Nous sommes la m\u00e9moire du monde.<\/p>\n\n\n\n<p class=\"has-vivid-cyan-blue-color has-text-color\">Nous devons nous rappeler ce qui existe dans nos cellules.<\/p>\n\n\n\n<p class=\"has-vivid-cyan-blue-color has-text-color\">Les fruits de l\u2019\u00e9t\u00e9<\/p>\n\n\n\n<p class=\"has-vivid-cyan-blue-color has-text-color\">L\u2019amour voluptueux.<\/p>\n\n\n\n<p class=\"has-vivid-cyan-blue-color has-text-color\">La capacit\u00e9 \u00e0 se mettre \u00e0 la place de l\u2019autre.<\/p>\n\n\n\n<p class=\"has-vivid-cyan-blue-color has-text-color\">Le contact.<\/p>\n\n\n\n<p class=\"has-vivid-cyan-blue-color has-text-color\">Le courage d\u2019innover.<\/p>\n\n\n\n<p class=\"has-vivid-cyan-blue-color has-text-color\">L\u2019\u00e9treinte, l\u2019adieu et la rencontre.<\/p>\n\n\n\n<p class=\"has-vivid-cyan-blue-color has-text-color\">La mer dans notre peau.<\/p>\n\n\n\n<p class=\"has-vivid-cyan-blue-color has-text-color\">La musique de la vie.<\/p>\n\n\n\n<blockquote class=\"wp-block-quote is-layout-flow wp-block-quote-is-layout-flow\">\n<p><\/p>\n<\/blockquote>\n\n\n\n<p class=\"has-vivid-cyan-blue-color has-text-color\">La danse de la vie.<\/p>\n\n\n\n<p class=\"has-vivid-cyan-blue-color has-text-color\">La Biodanza nous rend<\/p>\n\n\n\n<p class=\"has-vivid-cyan-blue-color has-text-color\">la m\u00e9moire ancestrale,<\/p>\n\n\n\n<p class=\"has-vivid-cyan-blue-color has-text-color\">la possibilit\u00e9 absolue d\u2019aimer.<\/p>\n","protected":false},"excerpt":{"rendered":"<p>Venez d\u00e9couvrir ou retrouver le plaisir de bouger, tous les jeudis de 14h \u00e0 15h45 Lieu : salle Gen\u00e9vrier MAISON DES ASSOCIATIONS 2 impasse du tunnel \u00e0 cot\u00e9 du cabinet m\u00e9dical, rue en direction du lac depuis le centre ville, parking \u00e0 proximit\u00e9. S\u00e9ance de reprise le jeudi 18 SEPTEMBRE 2025 ACCESSIBLE A CHACUN et &hellip; <a href=\"http:\/\/biodanza-jura.info\/index.php\/2020\/08\/10\/retrouvez-le-bonheur-de-danser\/\" class=\"more-link\">Continuer la lecture de <span class=\"screen-reader-text\">COURS HEBDO CLAIRVAUX les LACS                     le JEUDI Apr\u00e8s-midi                RETROUVEZ LE BONHEUR DE DANSER<\/span><\/a><\/p>\n","protected":false},"author":1,"featured_media":0,"comment_status":"closed","ping_status":"closed","sticky":false,"template":"","format":"standard","meta":{"footnotes":""},"categories":[7],"tags":[],"class_list":["post-165","post","type-post","status-publish","format-standard","hentry","category-cours-hebdomadaires"],"_links":{"self":[{"href":"http:\/\/biodanza-jura.info\/index.php\/wp-json\/wp\/v2\/posts\/165","targetHints":{"allow":["GET"]}}],"collection":[{"href":"http:\/\/biodanza-jura.info\/index.php\/wp-json\/wp\/v2\/posts"}],"about":[{"href":"http:\/\/biodanza-jura.info\/index.php\/wp-json\/wp\/v2\/types\/post"}],"author":[{"embeddable":true,"href":"http:\/\/biodanza-jura.info\/index.php\/wp-json\/wp\/v2\/users\/1"}],"replies":[{"embeddable":true,"href":"http:\/\/biodanza-jura.info\/index.php\/wp-json\/wp\/v2\/comments?post=165"}],"version-history":[{"count":27,"href":"http:\/\/biodanza-jura.info\/index.php\/wp-json\/wp\/v2\/posts\/165\/revisions"}],"predecessor-version":[{"id":679,"href":"http:\/\/biodanza-jura.info\/index.php\/wp-json\/wp\/v2\/posts\/165\/revisions\/679"}],"wp:attachment":[{"href":"http:\/\/biodanza-jura.info\/index.php\/wp-json\/wp\/v2\/media?parent=165"}],"wp:term":[{"taxonomy":"category","embeddable":true,"href":"http:\/\/biodanza-jura.info\/index.php\/wp-json\/wp\/v2\/categories?post=165"},{"taxonomy":"post_tag","embeddable":true,"href":"http:\/\/biodanza-jura.info\/index.php\/wp-json\/wp\/v2\/tags?post=165"}],"curies":[{"name":"wp","href":"https:\/\/api.w.org\/{rel}","templated":true}]}}